{"id":120,"date":"2025-10-25T11:00:58","date_gmt":"2025-10-25T09:00:58","guid":{"rendered":"https:\/\/www.ernestotimor.com\/ernestotimor25\/?p=120"},"modified":"2025-11-05T12:03:16","modified_gmt":"2025-11-05T11:03:16","slug":"le-point-de-vue-de-ma-fenetre","status":"publish","type":"post","link":"https:\/\/www.ernestotimor.com\/ernestotimor25\/le-point-de-vue-de-ma-fenetre\/","title":{"rendered":"Le point de vue de ma fen\u00eatre"},"content":{"rendered":"<h1>Vues partag\u00e9es<\/h1>\n<h4>Initi\u00e9 \u00e0 la Grande Borne \u00e0 Grigny en 2020, le projet est devenu en trois ans une somme de vues et de visions multiples un peu partout en France, au gr\u00e9 des rencontres individuelles et des possibilit\u00e9s d\u2019extension en territoires nouveaux. Sa forme m\u00eame est m\u00e9tiss\u00e9e, volet sonore et projection ayant ouvert de nouveaux horizons de diffusion \u00e0 ces photos qui parlent\u2026<\/h4>\n<div class=\"clearfix\">&nbsp;<\/div>\n<div id='gallery-1' class='gallery galleryid-120 gallery-columns-3 gallery-size-medium'><figure class='gallery-item'>\n\t\t\t<div class='gallery-icon landscape'>\n\t\t\t\t<a href='https:\/\/www.ernestotimor.com\/ernestotimor25\/wp-content\/uploads\/2025\/10\/2206-fuji-vues-partagees5850-16.jpg'><img loading=\"lazy\" decoding=\"async\" width=\"400\" height=\"267\" src=\"https:\/\/www.ernestotimor.com\/ernestotimor25\/wp-content\/uploads\/2025\/10\/2206-fuji-vues-partagees5850-16-400x267.jpg\" class=\"attachment-medium size-medium\" alt=\"\" srcset=\"https:\/\/www.ernestotimor.com\/ernestotimor25\/wp-content\/uploads\/2025\/10\/2206-fuji-vues-partagees5850-16-400x267.jpg 400w, https:\/\/www.ernestotimor.com\/ernestotimor25\/wp-content\/uploads\/2025\/10\/2206-fuji-vues-partagees5850-16-600x400.jpg 600w, https:\/\/www.ernestotimor.com\/ernestotimor25\/wp-content\/uploads\/2025\/10\/2206-fuji-vues-partagees5850-16-768x512.jpg 768w, https:\/\/www.ernestotimor.com\/ernestotimor25\/wp-content\/uploads\/2025\/10\/2206-fuji-vues-partagees5850-16-1536x1024.jpg 1536w, https:\/\/www.ernestotimor.com\/ernestotimor25\/wp-content\/uploads\/2025\/10\/2206-fuji-vues-partagees5850-16-300x200.jpg 300w, https:\/\/www.ernestotimor.com\/ernestotimor25\/wp-content\/uploads\/2025\/10\/2206-fuji-vues-partagees5850-16-1024x683.jpg 1024w, https:\/\/www.ernestotimor.com\/ernestotimor25\/wp-content\/uploads\/2025\/10\/2206-fuji-vues-partagees5850-16.jpg 1600w\" sizes=\"auto, (max-width: 400px) 100vw, 400px\" \/><\/a>\n\t\t\t<\/div><\/figure><figure class='gallery-item'>\n\t\t\t<div class='gallery-icon landscape'>\n\t\t\t\t<a href='https:\/\/www.ernestotimor.com\/ernestotimor25\/wp-content\/uploads\/2025\/10\/2103-vues-partagees5703-16.jpg'><img loading=\"lazy\" decoding=\"async\" width=\"400\" height=\"267\" src=\"https:\/\/www.ernestotimor.com\/ernestotimor25\/wp-content\/uploads\/2025\/10\/2103-vues-partagees5703-16-400x267.jpg\" class=\"attachment-medium size-medium\" alt=\"\" srcset=\"https:\/\/www.ernestotimor.com\/ernestotimor25\/wp-content\/uploads\/2025\/10\/2103-vues-partagees5703-16-400x267.jpg 400w, https:\/\/www.ernestotimor.com\/ernestotimor25\/wp-content\/uploads\/2025\/10\/2103-vues-partagees5703-16-600x401.jpg 600w, https:\/\/www.ernestotimor.com\/ernestotimor25\/wp-content\/uploads\/2025\/10\/2103-vues-partagees5703-16-768x513.jpg 768w, https:\/\/www.ernestotimor.com\/ernestotimor25\/wp-content\/uploads\/2025\/10\/2103-vues-partagees5703-16-1536x1025.jpg 1536w, https:\/\/www.ernestotimor.com\/ernestotimor25\/wp-content\/uploads\/2025\/10\/2103-vues-partagees5703-16-300x200.jpg 300w, https:\/\/www.ernestotimor.com\/ernestotimor25\/wp-content\/uploads\/2025\/10\/2103-vues-partagees5703-16-1024x684.jpg 1024w, https:\/\/www.ernestotimor.com\/ernestotimor25\/wp-content\/uploads\/2025\/10\/2103-vues-partagees5703-16.jpg 1600w\" sizes=\"auto, (max-width: 400px) 100vw, 400px\" \/><\/a>\n\t\t\t<\/div><\/figure><figure class='gallery-item'>\n\t\t\t<div class='gallery-icon landscape'>\n\t\t\t\t<a href='https:\/\/www.ernestotimor.com\/ernestotimor25\/wp-content\/uploads\/2025\/10\/2103-vues-partagees5956-16.jpg'><img loading=\"lazy\" decoding=\"async\" width=\"400\" height=\"267\" src=\"https:\/\/www.ernestotimor.com\/ernestotimor25\/wp-content\/uploads\/2025\/10\/2103-vues-partagees5956-16-400x267.jpg\" class=\"attachment-medium size-medium\" alt=\"\" srcset=\"https:\/\/www.ernestotimor.com\/ernestotimor25\/wp-content\/uploads\/2025\/10\/2103-vues-partagees5956-16-400x267.jpg 400w, https:\/\/www.ernestotimor.com\/ernestotimor25\/wp-content\/uploads\/2025\/10\/2103-vues-partagees5956-16-600x401.jpg 600w, https:\/\/www.ernestotimor.com\/ernestotimor25\/wp-content\/uploads\/2025\/10\/2103-vues-partagees5956-16-768x513.jpg 768w, https:\/\/www.ernestotimor.com\/ernestotimor25\/wp-content\/uploads\/2025\/10\/2103-vues-partagees5956-16-1536x1025.jpg 1536w, https:\/\/www.ernestotimor.com\/ernestotimor25\/wp-content\/uploads\/2025\/10\/2103-vues-partagees5956-16-300x200.jpg 300w, https:\/\/www.ernestotimor.com\/ernestotimor25\/wp-content\/uploads\/2025\/10\/2103-vues-partagees5956-16-1024x684.jpg 1024w, https:\/\/www.ernestotimor.com\/ernestotimor25\/wp-content\/uploads\/2025\/10\/2103-vues-partagees5956-16.jpg 1600w\" sizes=\"auto, (max-width: 400px) 100vw, 400px\" \/><\/a>\n\t\t\t<\/div><\/figure><figure class='gallery-item'>\n\t\t\t<div class='gallery-icon landscape'>\n\t\t\t\t<a href='https:\/\/www.ernestotimor.com\/ernestotimor25\/wp-content\/uploads\/2025\/10\/2109-vues-partagees3528-16.jpg'><img loading=\"lazy\" decoding=\"async\" width=\"400\" height=\"267\" src=\"https:\/\/www.ernestotimor.com\/ernestotimor25\/wp-content\/uploads\/2025\/10\/2109-vues-partagees3528-16-400x267.jpg\" class=\"attachment-medium size-medium\" alt=\"\" srcset=\"https:\/\/www.ernestotimor.com\/ernestotimor25\/wp-content\/uploads\/2025\/10\/2109-vues-partagees3528-16-400x267.jpg 400w, https:\/\/www.ernestotimor.com\/ernestotimor25\/wp-content\/uploads\/2025\/10\/2109-vues-partagees3528-16-600x401.jpg 600w, https:\/\/www.ernestotimor.com\/ernestotimor25\/wp-content\/uploads\/2025\/10\/2109-vues-partagees3528-16-768x513.jpg 768w, https:\/\/www.ernestotimor.com\/ernestotimor25\/wp-content\/uploads\/2025\/10\/2109-vues-partagees3528-16-1536x1025.jpg 1536w, https:\/\/www.ernestotimor.com\/ernestotimor25\/wp-content\/uploads\/2025\/10\/2109-vues-partagees3528-16-300x200.jpg 300w, https:\/\/www.ernestotimor.com\/ernestotimor25\/wp-content\/uploads\/2025\/10\/2109-vues-partagees3528-16-1024x684.jpg 1024w, https:\/\/www.ernestotimor.com\/ernestotimor25\/wp-content\/uploads\/2025\/10\/2109-vues-partagees3528-16.jpg 1600w\" sizes=\"auto, (max-width: 400px) 100vw, 400px\" \/><\/a>\n\t\t\t<\/div><\/figure><figure class='gallery-item'>\n\t\t\t<div class='gallery-icon landscape'>\n\t\t\t\t<a href='https:\/\/www.ernestotimor.com\/ernestotimor25\/wp-content\/uploads\/2025\/10\/2108-vues-partagees3253-16.jpg'><img loading=\"lazy\" decoding=\"async\" width=\"400\" height=\"267\" src=\"https:\/\/www.ernestotimor.com\/ernestotimor25\/wp-content\/uploads\/2025\/10\/2108-vues-partagees3253-16-400x267.jpg\" class=\"attachment-medium size-medium\" alt=\"\" srcset=\"https:\/\/www.ernestotimor.com\/ernestotimor25\/wp-content\/uploads\/2025\/10\/2108-vues-partagees3253-16-400x267.jpg 400w, https:\/\/www.ernestotimor.com\/ernestotimor25\/wp-content\/uploads\/2025\/10\/2108-vues-partagees3253-16-600x401.jpg 600w, https:\/\/www.ernestotimor.com\/ernestotimor25\/wp-content\/uploads\/2025\/10\/2108-vues-partagees3253-16-768x513.jpg 768w, https:\/\/www.ernestotimor.com\/ernestotimor25\/wp-content\/uploads\/2025\/10\/2108-vues-partagees3253-16-1536x1025.jpg 1536w, https:\/\/www.ernestotimor.com\/ernestotimor25\/wp-content\/uploads\/2025\/10\/2108-vues-partagees3253-16-300x200.jpg 300w, https:\/\/www.ernestotimor.com\/ernestotimor25\/wp-content\/uploads\/2025\/10\/2108-vues-partagees3253-16-1024x684.jpg 1024w, https:\/\/www.ernestotimor.com\/ernestotimor25\/wp-content\/uploads\/2025\/10\/2108-vues-partagees3253-16.jpg 1600w\" sizes=\"auto, (max-width: 400px) 100vw, 400px\" \/><\/a>\n\t\t\t<\/div><\/figure><figure class='gallery-item'>\n\t\t\t<div class='gallery-icon landscape'>\n\t\t\t\t<a href='https:\/\/www.ernestotimor.com\/ernestotimor25\/wp-content\/uploads\/2025\/10\/2012-vues-partagees0280-16.jpg'><img loading=\"lazy\" decoding=\"async\" width=\"400\" height=\"267\" src=\"https:\/\/www.ernestotimor.com\/ernestotimor25\/wp-content\/uploads\/2025\/10\/2012-vues-partagees0280-16-400x267.jpg\" class=\"attachment-medium size-medium\" alt=\"\" srcset=\"https:\/\/www.ernestotimor.com\/ernestotimor25\/wp-content\/uploads\/2025\/10\/2012-vues-partagees0280-16-400x267.jpg 400w, https:\/\/www.ernestotimor.com\/ernestotimor25\/wp-content\/uploads\/2025\/10\/2012-vues-partagees0280-16-600x401.jpg 600w, https:\/\/www.ernestotimor.com\/ernestotimor25\/wp-content\/uploads\/2025\/10\/2012-vues-partagees0280-16-768x513.jpg 768w, https:\/\/www.ernestotimor.com\/ernestotimor25\/wp-content\/uploads\/2025\/10\/2012-vues-partagees0280-16-1536x1025.jpg 1536w, https:\/\/www.ernestotimor.com\/ernestotimor25\/wp-content\/uploads\/2025\/10\/2012-vues-partagees0280-16-300x200.jpg 300w, https:\/\/www.ernestotimor.com\/ernestotimor25\/wp-content\/uploads\/2025\/10\/2012-vues-partagees0280-16-1024x684.jpg 1024w, https:\/\/www.ernestotimor.com\/ernestotimor25\/wp-content\/uploads\/2025\/10\/2012-vues-partagees0280-16.jpg 1600w\" sizes=\"auto, (max-width: 400px) 100vw, 400px\" \/><\/a>\n\t\t\t<\/div><\/figure><figure class='gallery-item'>\n\t\t\t<div class='gallery-icon landscape'>\n\t\t\t\t<a href='https:\/\/www.ernestotimor.com\/ernestotimor25\/wp-content\/uploads\/2025\/10\/2010-vues-partagees4117-16.jpg'><img loading=\"lazy\" decoding=\"async\" width=\"400\" height=\"267\" src=\"https:\/\/www.ernestotimor.com\/ernestotimor25\/wp-content\/uploads\/2025\/10\/2010-vues-partagees4117-16-400x267.jpg\" class=\"attachment-medium size-medium\" alt=\"\" srcset=\"https:\/\/www.ernestotimor.com\/ernestotimor25\/wp-content\/uploads\/2025\/10\/2010-vues-partagees4117-16-400x267.jpg 400w, https:\/\/www.ernestotimor.com\/ernestotimor25\/wp-content\/uploads\/2025\/10\/2010-vues-partagees4117-16-600x401.jpg 600w, https:\/\/www.ernestotimor.com\/ernestotimor25\/wp-content\/uploads\/2025\/10\/2010-vues-partagees4117-16-768x513.jpg 768w, https:\/\/www.ernestotimor.com\/ernestotimor25\/wp-content\/uploads\/2025\/10\/2010-vues-partagees4117-16-1536x1025.jpg 1536w, https:\/\/www.ernestotimor.com\/ernestotimor25\/wp-content\/uploads\/2025\/10\/2010-vues-partagees4117-16-300x200.jpg 300w, https:\/\/www.ernestotimor.com\/ernestotimor25\/wp-content\/uploads\/2025\/10\/2010-vues-partagees4117-16-1024x684.jpg 1024w, https:\/\/www.ernestotimor.com\/ernestotimor25\/wp-content\/uploads\/2025\/10\/2010-vues-partagees4117-16.jpg 1600w\" sizes=\"auto, (max-width: 400px) 100vw, 400px\" \/><\/a>\n\t\t\t<\/div><\/figure>\n\t\t<\/div>\n\n<div class=\"clearfix\">&nbsp;<\/div><div class=\"clearfix\">&nbsp;<\/div>\n<div class=\"row\"><div class=\"col-sm-8\">\n<span class=\"su-dropcap su-dropcap-style-default\" style=\"font-size:1.5em\">R<\/span>egarder le monde par ma fen\u00eatre, accepter de n\u2019en voir que ce fragment rectangulaire et le retrouver chaque jour jusqu\u2019\u00e0 le conna\u00eetre par c\u0153ur, y traquer la nouveaut\u00e9 malgr\u00e9 tout\u2026 voici ce que j\u2019ai toujours pratiqu\u00e9 moi-m\u00eame, de lieu en lieu, depuis tout petit : un exercice de contemplation qui a pu \u00eatre aussi un geste de survie\u2026<br \/>\nAu fil des projets que j\u2019ai men\u00e9s entre portrait et territoire ces derni\u00e8res ann\u00e9es s\u2019est d\u00e9velopp\u00e9e cette pratique de photographier les gens en m\u2019appuyant sur ce qu\u2019ils choisissent de donner \u00e0 voir. Pas juste ce qu\u2019ils sont en apparence ou ce qu\u2019ils poss\u00e8dent mais litt\u00e9ralement partager ce qu\u2019ils voient. Une invitation \u00e0 regarder par-dessus leur \u00e9paule et souvent s\u2019en \u00e9merveiller : oh, c\u2019est comme \u00e7a que tu vois les choses\u00a0?!\n<div class=\"clearfix\">&nbsp;<\/div>\n<\/div><div class=\"col-sm-4 col-sm-offset-0 valign\">\n<div class=\"well well-sm\">\n<h5>Au-del\u00e0\u2026<\/h5>\n<p>Les entretiens audio men\u00e9s en parall\u00e8le nourrissent des partages sonores, le projet se diffuse comme podcast augment\u00e9 ou comme film(s) photographique(s) et non seulement comme exposition.Un site est d\u00e9di\u00e9 \u00e0 ce projet, vous y trouverez une galerie plus copieuse, une pr\u00e9sentation d\u00e9taill\u00e9e des intentions et du parcours, une chambre d&rsquo;\u00e9coute pour les entretiens en podcasts et des films photo \u00e0 visionner !<br \/>\n<div class=\"clearfix\">&nbsp;<\/div>\n<a class=\"btn btn-sm btn-dark\" href=\"https:\/\/www.ernestotimor.com\/vues-partagees\/\" target=\"_blank\">Site du projet<\/a>\n<\/p><\/div>\n<\/div><\/div>\n<p>&nbsp;<\/p>\n<hr class=\"divider height-1 margin-top-20 margin-bottom-20\" \/>\n<div class=\"copyrights\">La s\u00e9rie compl\u00e8te se compose de plus d\u2019une soixantaine de portraits, les accrochages sont particuli\u00e8rement modulaires.<br \/>\n<strong>O\u00f9 et quand ce projet a \u00e9t\u00e9 expos\u00e9.<\/strong> La Condition des soies, Lyon, 2023. Centre d\u2019art contemporain de Brian\u00e7on (05), 2023. Rencontres photographiques du Tri\u00e8ves (38), 2022. Quinzaine de l\u2019image Peleyre (65), 2022. Rencontres de Chabeuil (26), 2022. Festival Parlophonies, Grigny (91), 2021.<\/div>\n<p>&nbsp;<\/p>\n<div class=\"clearfix\">&nbsp;<\/div>\n<div id='gallery-2' class='gallery galleryid-120 gallery-columns-5 gallery-size-medium'><figure class='gallery-item'>\n\t\t\t<div class='gallery-icon landscape'>\n\t\t\t\t<a href='https:\/\/www.ernestotimor.com\/ernestotimor25\/wp-content\/uploads\/2025\/10\/2310-life9580-16.jpg'><img loading=\"lazy\" decoding=\"async\" width=\"400\" height=\"267\" src=\"https:\/\/www.ernestotimor.com\/ernestotimor25\/wp-content\/uploads\/2025\/10\/2310-life9580-16-400x267.jpg\" class=\"attachment-medium size-medium\" alt=\"\" aria-describedby=\"gallery-2-216\" srcset=\"https:\/\/www.ernestotimor.com\/ernestotimor25\/wp-content\/uploads\/2025\/10\/2310-life9580-16-400x267.jpg 400w, https:\/\/www.ernestotimor.com\/ernestotimor25\/wp-content\/uploads\/2025\/10\/2310-life9580-16-600x401.jpg 600w, https:\/\/www.ernestotimor.com\/ernestotimor25\/wp-content\/uploads\/2025\/10\/2310-life9580-16-768x513.jpg 768w, https:\/\/www.ernestotimor.com\/ernestotimor25\/wp-content\/uploads\/2025\/10\/2310-life9580-16-1536x1025.jpg 1536w, https:\/\/www.ernestotimor.com\/ernestotimor25\/wp-content\/uploads\/2025\/10\/2310-life9580-16-300x200.jpg 300w, https:\/\/www.ernestotimor.com\/ernestotimor25\/wp-content\/uploads\/2025\/10\/2310-life9580-16-1024x684.jpg 1024w, https:\/\/www.ernestotimor.com\/ernestotimor25\/wp-content\/uploads\/2025\/10\/2310-life9580-16.jpg 1600w\" sizes=\"auto, (max-width: 400px) 100vw, 400px\" \/><\/a>\n\t\t\t<\/div>\n\t\t\t\t<figcaption class='wp-caption-text gallery-caption' id='gallery-2-216'>\n\t\t\t\tExpo individuelle \u00e0 la Condition des soies, Lyon, 2023.\n\t\t\t\t<\/figcaption><\/figure><figure class='gallery-item'>\n\t\t\t<div class='gallery-icon landscape'>\n\t\t\t\t<a href='https:\/\/www.ernestotimor.com\/ernestotimor25\/wp-content\/uploads\/2025\/10\/2310-life9583-16.jpg'><img loading=\"lazy\" decoding=\"async\" width=\"400\" height=\"267\" src=\"https:\/\/www.ernestotimor.com\/ernestotimor25\/wp-content\/uploads\/2025\/10\/2310-life9583-16-400x267.jpg\" class=\"attachment-medium size-medium\" alt=\"\" aria-describedby=\"gallery-2-217\" srcset=\"https:\/\/www.ernestotimor.com\/ernestotimor25\/wp-content\/uploads\/2025\/10\/2310-life9583-16-400x267.jpg 400w, https:\/\/www.ernestotimor.com\/ernestotimor25\/wp-content\/uploads\/2025\/10\/2310-life9583-16-600x401.jpg 600w, https:\/\/www.ernestotimor.com\/ernestotimor25\/wp-content\/uploads\/2025\/10\/2310-life9583-16-768x513.jpg 768w, https:\/\/www.ernestotimor.com\/ernestotimor25\/wp-content\/uploads\/2025\/10\/2310-life9583-16-1536x1025.jpg 1536w, https:\/\/www.ernestotimor.com\/ernestotimor25\/wp-content\/uploads\/2025\/10\/2310-life9583-16-300x200.jpg 300w, https:\/\/www.ernestotimor.com\/ernestotimor25\/wp-content\/uploads\/2025\/10\/2310-life9583-16-1024x684.jpg 1024w, https:\/\/www.ernestotimor.com\/ernestotimor25\/wp-content\/uploads\/2025\/10\/2310-life9583-16.jpg 1600w\" sizes=\"auto, (max-width: 400px) 100vw, 400px\" \/><\/a>\n\t\t\t<\/div>\n\t\t\t\t<figcaption class='wp-caption-text gallery-caption' id='gallery-2-217'>\n\t\t\t\tExpo individuelle \u00e0 la Condition des soies, Lyon, 2023.\n\t\t\t\t<\/figcaption><\/figure><figure class='gallery-item'>\n\t\t\t<div class='gallery-icon landscape'>\n\t\t\t\t<a href='https:\/\/www.ernestotimor.com\/ernestotimor25\/wp-content\/uploads\/2025\/10\/2306-fuji-life5521-16.jpg'><img loading=\"lazy\" decoding=\"async\" width=\"400\" height=\"267\" src=\"https:\/\/www.ernestotimor.com\/ernestotimor25\/wp-content\/uploads\/2025\/10\/2306-fuji-life5521-16-400x267.jpg\" class=\"attachment-medium size-medium\" alt=\"\" aria-describedby=\"gallery-2-219\" srcset=\"https:\/\/www.ernestotimor.com\/ernestotimor25\/wp-content\/uploads\/2025\/10\/2306-fuji-life5521-16-400x267.jpg 400w, https:\/\/www.ernestotimor.com\/ernestotimor25\/wp-content\/uploads\/2025\/10\/2306-fuji-life5521-16-600x400.jpg 600w, https:\/\/www.ernestotimor.com\/ernestotimor25\/wp-content\/uploads\/2025\/10\/2306-fuji-life5521-16-768x512.jpg 768w, https:\/\/www.ernestotimor.com\/ernestotimor25\/wp-content\/uploads\/2025\/10\/2306-fuji-life5521-16-1536x1024.jpg 1536w, https:\/\/www.ernestotimor.com\/ernestotimor25\/wp-content\/uploads\/2025\/10\/2306-fuji-life5521-16-300x200.jpg 300w, https:\/\/www.ernestotimor.com\/ernestotimor25\/wp-content\/uploads\/2025\/10\/2306-fuji-life5521-16-1024x683.jpg 1024w, https:\/\/www.ernestotimor.com\/ernestotimor25\/wp-content\/uploads\/2025\/10\/2306-fuji-life5521-16.jpg 1600w\" sizes=\"auto, (max-width: 400px) 100vw, 400px\" \/><\/a>\n\t\t\t<\/div>\n\t\t\t\t<figcaption class='wp-caption-text gallery-caption' id='gallery-2-219'>\n\t\t\t\tExpo individuelle hors les murs \u00e0 l\u2019invitation du Centre d\u2019Art Contemporain de Brian\u00e7on, 2023.\n\t\t\t\t<\/figcaption><\/figure><figure class='gallery-item'>\n\t\t\t<div class='gallery-icon landscape'>\n\t\t\t\t<a href='https:\/\/www.ernestotimor.com\/ernestotimor25\/wp-content\/uploads\/2025\/10\/2306-fuji-life5481-16.jpg'><img loading=\"lazy\" decoding=\"async\" width=\"400\" height=\"267\" src=\"https:\/\/www.ernestotimor.com\/ernestotimor25\/wp-content\/uploads\/2025\/10\/2306-fuji-life5481-16-400x267.jpg\" class=\"attachment-medium size-medium\" alt=\"\" aria-describedby=\"gallery-2-218\" srcset=\"https:\/\/www.ernestotimor.com\/ernestotimor25\/wp-content\/uploads\/2025\/10\/2306-fuji-life5481-16-400x267.jpg 400w, https:\/\/www.ernestotimor.com\/ernestotimor25\/wp-content\/uploads\/2025\/10\/2306-fuji-life5481-16-600x400.jpg 600w, https:\/\/www.ernestotimor.com\/ernestotimor25\/wp-content\/uploads\/2025\/10\/2306-fuji-life5481-16-768x512.jpg 768w, https:\/\/www.ernestotimor.com\/ernestotimor25\/wp-content\/uploads\/2025\/10\/2306-fuji-life5481-16-1536x1024.jpg 1536w, https:\/\/www.ernestotimor.com\/ernestotimor25\/wp-content\/uploads\/2025\/10\/2306-fuji-life5481-16-300x200.jpg 300w, https:\/\/www.ernestotimor.com\/ernestotimor25\/wp-content\/uploads\/2025\/10\/2306-fuji-life5481-16-1024x683.jpg 1024w, https:\/\/www.ernestotimor.com\/ernestotimor25\/wp-content\/uploads\/2025\/10\/2306-fuji-life5481-16.jpg 1600w\" sizes=\"auto, (max-width: 400px) 100vw, 400px\" \/><\/a>\n\t\t\t<\/div>\n\t\t\t\t<figcaption class='wp-caption-text gallery-caption' id='gallery-2-218'>\n\t\t\t\tExpo individuelle hors les murs \u00e0 l\u2019invitation du Centre d\u2019Art Contemporain de Brian\u00e7on, 2023.\n\t\t\t\t<\/figcaption><\/figure><figure class='gallery-item'>\n\t\t\t<div class='gallery-icon landscape'>\n\t\t\t\t<a href='https:\/\/www.ernestotimor.com\/ernestotimor25\/wp-content\/uploads\/2025\/10\/2306-fuji-life5469-16.jpg'><img loading=\"lazy\" decoding=\"async\" width=\"400\" height=\"267\" src=\"https:\/\/www.ernestotimor.com\/ernestotimor25\/wp-content\/uploads\/2025\/10\/2306-fuji-life5469-16-400x267.jpg\" class=\"attachment-medium size-medium\" alt=\"\" aria-describedby=\"gallery-2-215\" srcset=\"https:\/\/www.ernestotimor.com\/ernestotimor25\/wp-content\/uploads\/2025\/10\/2306-fuji-life5469-16-400x267.jpg 400w, https:\/\/www.ernestotimor.com\/ernestotimor25\/wp-content\/uploads\/2025\/10\/2306-fuji-life5469-16-600x400.jpg 600w, https:\/\/www.ernestotimor.com\/ernestotimor25\/wp-content\/uploads\/2025\/10\/2306-fuji-life5469-16-768x512.jpg 768w, https:\/\/www.ernestotimor.com\/ernestotimor25\/wp-content\/uploads\/2025\/10\/2306-fuji-life5469-16-1536x1024.jpg 1536w, https:\/\/www.ernestotimor.com\/ernestotimor25\/wp-content\/uploads\/2025\/10\/2306-fuji-life5469-16-300x200.jpg 300w, https:\/\/www.ernestotimor.com\/ernestotimor25\/wp-content\/uploads\/2025\/10\/2306-fuji-life5469-16-1024x683.jpg 1024w, https:\/\/www.ernestotimor.com\/ernestotimor25\/wp-content\/uploads\/2025\/10\/2306-fuji-life5469-16.jpg 1600w\" sizes=\"auto, (max-width: 400px) 100vw, 400px\" \/><\/a>\n\t\t\t<\/div>\n\t\t\t\t<figcaption class='wp-caption-text gallery-caption' id='gallery-2-215'>\n\t\t\t\tExpo individuelle hors les murs \u00e0 l\u2019invitation du Centre d\u2019Art Contemporain de Brian\u00e7on, 2023.\n\t\t\t\t<\/figcaption><\/figure>\n\t\t<\/div>\n\n<figure id=\"attachment_227\" aria-describedby=\"caption-attachment-227\" style=\"width: 1600px\" class=\"wp-caption alignnone\"><a href=\"https:\/\/www.ernestotimor.com\/ernestotimor25\/wp-content\/uploads\/2025\/10\/Plan-accrochage-VP-Briancon-lineaire-25.jpg\"><img loading=\"lazy\" decoding=\"async\" class=\"wp-image-227 size-full\" src=\"https:\/\/www.ernestotimor.com\/ernestotimor25\/wp-content\/uploads\/2025\/10\/Plan-accrochage-VP-Briancon-lineaire-25.jpg\" alt=\"\" width=\"1600\" height=\"131\" srcset=\"https:\/\/www.ernestotimor.com\/ernestotimor25\/wp-content\/uploads\/2025\/10\/Plan-accrochage-VP-Briancon-lineaire-25.jpg 1600w, https:\/\/www.ernestotimor.com\/ernestotimor25\/wp-content\/uploads\/2025\/10\/Plan-accrochage-VP-Briancon-lineaire-25-400x33.jpg 400w, https:\/\/www.ernestotimor.com\/ernestotimor25\/wp-content\/uploads\/2025\/10\/Plan-accrochage-VP-Briancon-lineaire-25-600x49.jpg 600w, https:\/\/www.ernestotimor.com\/ernestotimor25\/wp-content\/uploads\/2025\/10\/Plan-accrochage-VP-Briancon-lineaire-25-768x63.jpg 768w, https:\/\/www.ernestotimor.com\/ernestotimor25\/wp-content\/uploads\/2025\/10\/Plan-accrochage-VP-Briancon-lineaire-25-1536x126.jpg 1536w, https:\/\/www.ernestotimor.com\/ernestotimor25\/wp-content\/uploads\/2025\/10\/Plan-accrochage-VP-Briancon-lineaire-25-523x43.jpg 523w, https:\/\/www.ernestotimor.com\/ernestotimor25\/wp-content\/uploads\/2025\/10\/Plan-accrochage-VP-Briancon-lineaire-25-300x25.jpg 300w, https:\/\/www.ernestotimor.com\/ernestotimor25\/wp-content\/uploads\/2025\/10\/Plan-accrochage-VP-Briancon-lineaire-25-1024x84.jpg 1024w\" sizes=\"auto, (max-width: 1600px) 100vw, 1600px\" \/><\/a><figcaption id=\"caption-attachment-227\" class=\"wp-caption-text\">Sch\u00e9ma d&rsquo;accrochage, expo individuelle hors les murs \u00e0 l\u2019invitation du Centre d\u2019Art Contemporain de Brian\u00e7on, 2023.<\/figcaption><\/figure>\n<div class=\"clearfix\">&nbsp;<\/div>\n<div class=\"clearfix\">&nbsp;<\/div>\n<div class=\"panel-group scheme-light-2\" id=\"collapse_9dd1-464c\"><div class=\"panel panel-default\" role=\"tablist\">    <div class=\"panel-heading\" role=\"tab\" id=\"heading_citem_9f01-6f21\">        <h4 class=\"panel-title\"><a class=\"accordion-toggle collapsed\" data-toggle=\"collapse\" aria-controls=\"heading_citem_9f01-6f21\" data-parent=\"#collapse_9dd1-464c\" href=\"#citem_9f01-6f21\"> \u2798 Films photographiques (cliquer pour d\u00e9couvrir\u2026)<\/a>        <\/h4>    <\/div>    <div id=\"citem_9f01-6f21\" class=\"panel-collapse collapse \" role=\"tabpanel\" aria-labelledby=\"heading_citem_9f01-6f21\">        <div class=\"panel-body\">\n<strong>Vues partag\u00e9es.<\/strong> Ce film de 11 mn donne \u00e0 voir le meilleur du projet <em>Le point de vue de ma fen\u00eatre<\/em>. Il est propos\u00e9 en compl\u00e9ment de l&rsquo;accrochage ou peut \u00eatre projet\u00e9 de fa\u00e7on autonome.<br \/>\nPhotographies, r\u00e9coltes de paroles et montage : Ernesto Timor<br \/>\nMusique originale : Appat203\n<div class=\"clearfix\">&nbsp;<\/div>\n<p><iframe loading=\"lazy\" src=\"https:\/\/player.vimeo.com\/video\/793302692?playsinline=0\" badge=0&amp;autopause=0&amp;player_id=0&amp;app_id=58479\" width=\"1600\" height=\"900\" frameborder=\"0\" allow=\"autoplay; fullscreen; picture-in-picture; clipboard-write; encrypted-media; web-share\" referrerpolicy=\"strict-origin-when-cross-origin\" title=\"Le point de vue de ma fen\u00eatre &#091;projection&#093;\"><\/iframe><br \/>\n<hr class=\"divider height-1 margin-top-50 margin-bottom-20\" \/>\n<\/p><p><strong>\u00c9coutes partag\u00e9es.<\/strong> Montage d&rsquo;une s\u00e9lection d&rsquo;entretiens audio r\u00e9alis\u00e9s au fil du projet, associ\u00e9s aux portraits photo correspondant. L&rsquo;ensemble de la projection dure 45 minutes, timeline en-dessous de la vid\u00e9o pour vous y d\u00e9placer au besoin\u2026<br \/>\nPhotographies, r\u00e9coltes de paroles et montage : Ernesto Timor<br \/>\n<div class=\"clearfix\">&nbsp;<\/div>\n<iframe loading=\"lazy\" src=\"https:\/\/player.vimeo.com\/video\/835472892?playsinline=0\" badge=0&amp;autopause=0&amp;player_id=0&amp;app_id=58479\" width=\"1600\" height=\"900\" frameborder=\"0\" allow=\"autoplay; fullscreen; picture-in-picture; clipboard-write; encrypted-media; web-share\" referrerpolicy=\"strict-origin-when-cross-origin\" title=\"&quot;Le point de vue de ma fen\u00eatre&quot; \/ \u00e9coutes partag\u00e9es \u00e9t\u00e9 2023\"><\/iframe><\/p>\n<p>&nbsp;<\/p>\n<p>+++<\/p>\n<div class=\"copyrights\">\n<p>00:00 Intro : texte de Laura, Grigny.01:09 Lesly, Grigny.<\/p>\n<p>02:39 Chris, Grigny.<\/p>\n<p>05:11 Sacha, Lyon.<\/p>\n<p>07:59 Alicia, Grigny.<\/p>\n<p>10:54 Bruno, Lyon.<\/p>\n<p>13:28 Mohamed, Lyon.<\/p>\n<p>16:15 Anne-Pascale, Beaujolais.<\/p>\n<p>19:10 Claude, Mont\u00e9limar.<\/p>\n<p>21:03 Ang\u00e8le, S\u00e8te.<\/p>\n<p>22:24 Tina, Lyon.<\/p>\n<p>25:29 Yasmine, Juvisy.<\/p>\n<p>29:20 Natacha, Paris.<\/p>\n<p>31:38 Laura, Grigny.<\/p>\n<p>33:45 Alys et Virginie, Lyon.<\/p>\n<p>35:40 Sandrine, Nantes.<\/p>\n<p>38:35 \u00c9lise, \u00c9vry.<\/p>\n<p>41:41 Aymeric, Villeurbanne.<\/p>\n<\/div>\n        <\/div>    <\/div><\/div><\/div>\n<div class=\"well well-sm\">\nCe projet a d\u00e9j\u00e0 donn\u00e9 mati\u00e8re \u00e0 moult formes d&rsquo;exposition et de diffusion. D&rsquo;autres d\u00e9veloppements sont possibles. Un dossier professionnel synth\u00e9tise tout cela\u2026<br \/>\n<div class=\"clearfix\">&nbsp;<\/div>\n<a class=\"btn btn-sm btn-dark\" href=\"https:\/\/www.ernestotimor.com\/vues-partagees\/wp-content\/uploads\/2023\/10\/vues-partagees-intention-web-pros.pdf\" target=\"_blank\">Dossier complet<\/a>\n<\/div>\n","protected":false},"excerpt":{"rendered":"<p>Vues partag\u00e9es Initi\u00e9 \u00e0 la Grande Borne \u00e0 Grigny en 2020, le projet est devenu en trois ans une somme&hellip;<\/p>\n","protected":false},"author":1,"featured_media":201,"comment_status":"closed","ping_status":"closed","sticky":false,"template":"","format":"standard","meta":{"footnotes":""},"categories":[10],"tags":[4,15],"post_folder":[],"class_list":["post-120","post","type-post","status-publish","format-standard","has-post-thumbnail","hentry","category-hune-grandes","tag-films-photographiques","tag-grandes-series"],"yoast_head":"<!-- This site is optimized with the Yoast SEO plugin v27.2 - https:\/\/yoast.com\/product\/yoast-seo-wordpress\/ -->\n<title>Le point de vue de ma fen\u00eatre | Ernesto Timor - photographe<\/title>\n<meta name=\"description\" content=\"Vues partag\u00e9es Initi\u00e9 \u00e0 la Grande Borne \u00e0 Grigny en 2020, le projet est devenu en trois ans une somme de vues et de visions multiples un peu partout en\" \/>\n<meta name=\"robots\" content=\"index, follow, max-snippet:-1, max-image-preview:large, max-video-preview:-1\" \/>\n<link rel=\"canonical\" href=\"https:\/\/www.ernestotimor.com\/ernestotimor25\/le-point-de-vue-de-ma-fenetre\/\" \/>\n<meta property=\"og:locale\" content=\"fr_FR\" \/>\n<meta property=\"og:type\" content=\"article\" \/>\n<meta property=\"og:title\" content=\"Le point de vue de ma fen\u00eatre | Ernesto Timor - photographe\" \/>\n<meta property=\"og:description\" content=\"Vues partag\u00e9es Initi\u00e9 \u00e0 la Grande Borne \u00e0 Grigny en 2020, le projet est devenu en trois ans une somme de vues et de visions multiples un peu partout en\" \/>\n<meta property=\"og:url\" content=\"https:\/\/www.ernestotimor.com\/ernestotimor25\/le-point-de-vue-de-ma-fenetre\/\" \/>\n<meta property=\"og:site_name\" content=\"Ernesto Timor - photographe\" \/>\n<meta property=\"article:published_time\" content=\"2025-10-25T09:00:58+00:00\" \/>\n<meta property=\"article:modified_time\" content=\"2025-11-05T11:03:16+00:00\" \/>\n<meta property=\"og:image\" content=\"https:\/\/www.ernestotimor.com\/ernestotimor25\/wp-content\/uploads\/2025\/10\/2103-vues-partagees5703-16.jpg\" \/>\n\t<meta property=\"og:image:width\" content=\"1600\" \/>\n\t<meta property=\"og:image:height\" content=\"1068\" \/>\n\t<meta property=\"og:image:type\" content=\"image\/jpeg\" \/>\n<meta name=\"author\" content=\"guidonchrome\" \/>\n<meta name=\"twitter:card\" content=\"summary_large_image\" \/>\n<meta name=\"twitter:label1\" content=\"\u00c9crit par\" \/>\n\t<meta name=\"twitter:data1\" content=\"guidonchrome\" \/>\n\t<meta name=\"twitter:label2\" content=\"Dur\u00e9e de lecture estim\u00e9e\" \/>\n\t<meta name=\"twitter:data2\" content=\"4 minutes\" \/>\n<script type=\"application\/ld+json\" class=\"yoast-schema-graph\">{\"@context\":\"https:\/\/schema.org\",\"@graph\":[{\"@type\":\"Article\",\"@id\":\"https:\/\/www.ernestotimor.com\/ernestotimor25\/le-point-de-vue-de-ma-fenetre\/#article\",\"isPartOf\":{\"@id\":\"https:\/\/www.ernestotimor.com\/ernestotimor25\/le-point-de-vue-de-ma-fenetre\/\"},\"author\":{\"name\":\"guidonchrome\",\"@id\":\"https:\/\/www.ernestotimor.com\/ernestotimor25\/#\/schema\/person\/6608c7ff101b5952803c9b54efd3f15e\"},\"headline\":\"Le point de vue de ma fen\u00eatre\",\"datePublished\":\"2025-10-25T09:00:58+00:00\",\"dateModified\":\"2025-11-05T11:03:16+00:00\",\"mainEntityOfPage\":{\"@id\":\"https:\/\/www.ernestotimor.com\/ernestotimor25\/le-point-de-vue-de-ma-fenetre\/\"},\"wordCount\":624,\"publisher\":{\"@id\":\"https:\/\/www.ernestotimor.com\/ernestotimor25\/#organization\"},\"image\":{\"@id\":\"https:\/\/www.ernestotimor.com\/ernestotimor25\/le-point-de-vue-de-ma-fenetre\/#primaryimage\"},\"thumbnailUrl\":\"https:\/\/www.ernestotimor.com\/ernestotimor25\/wp-content\/uploads\/2025\/10\/2103-vues-partagees5703-16.jpg\",\"keywords\":[\"Films photographiques\",\"Grandes s\u00e9ries\"],\"articleSection\":[\"Hune grandes\"],\"inLanguage\":\"fr-FR\"},{\"@type\":\"WebPage\",\"@id\":\"https:\/\/www.ernestotimor.com\/ernestotimor25\/le-point-de-vue-de-ma-fenetre\/\",\"url\":\"https:\/\/www.ernestotimor.com\/ernestotimor25\/le-point-de-vue-de-ma-fenetre\/\",\"name\":\"Le point de vue de ma fen\u00eatre | Ernesto Timor - photographe\",\"isPartOf\":{\"@id\":\"https:\/\/www.ernestotimor.com\/ernestotimor25\/#website\"},\"primaryImageOfPage\":{\"@id\":\"https:\/\/www.ernestotimor.com\/ernestotimor25\/le-point-de-vue-de-ma-fenetre\/#primaryimage\"},\"image\":{\"@id\":\"https:\/\/www.ernestotimor.com\/ernestotimor25\/le-point-de-vue-de-ma-fenetre\/#primaryimage\"},\"thumbnailUrl\":\"https:\/\/www.ernestotimor.com\/ernestotimor25\/wp-content\/uploads\/2025\/10\/2103-vues-partagees5703-16.jpg\",\"datePublished\":\"2025-10-25T09:00:58+00:00\",\"dateModified\":\"2025-11-05T11:03:16+00:00\",\"description\":\"Vues partag\u00e9es Initi\u00e9 \u00e0 la Grande Borne \u00e0 Grigny en 2020, le projet est devenu en trois ans une somme de vues et de visions multiples un peu partout en\",\"breadcrumb\":{\"@id\":\"https:\/\/www.ernestotimor.com\/ernestotimor25\/le-point-de-vue-de-ma-fenetre\/#breadcrumb\"},\"inLanguage\":\"fr-FR\",\"potentialAction\":[{\"@type\":\"ReadAction\",\"target\":[\"https:\/\/www.ernestotimor.com\/ernestotimor25\/le-point-de-vue-de-ma-fenetre\/\"]}]},{\"@type\":\"ImageObject\",\"inLanguage\":\"fr-FR\",\"@id\":\"https:\/\/www.ernestotimor.com\/ernestotimor25\/le-point-de-vue-de-ma-fenetre\/#primaryimage\",\"url\":\"https:\/\/www.ernestotimor.com\/ernestotimor25\/wp-content\/uploads\/2025\/10\/2103-vues-partagees5703-16.jpg\",\"contentUrl\":\"https:\/\/www.ernestotimor.com\/ernestotimor25\/wp-content\/uploads\/2025\/10\/2103-vues-partagees5703-16.jpg\",\"width\":1600,\"height\":1068},{\"@type\":\"BreadcrumbList\",\"@id\":\"https:\/\/www.ernestotimor.com\/ernestotimor25\/le-point-de-vue-de-ma-fenetre\/#breadcrumb\",\"itemListElement\":[{\"@type\":\"ListItem\",\"position\":1,\"name\":\"Accueil\",\"item\":\"https:\/\/www.ernestotimor.com\/ernestotimor25\/\"},{\"@type\":\"ListItem\",\"position\":2,\"name\":\"Le point de vue de ma fen\u00eatre\"}]},{\"@type\":\"WebSite\",\"@id\":\"https:\/\/www.ernestotimor.com\/ernestotimor25\/#website\",\"url\":\"https:\/\/www.ernestotimor.com\/ernestotimor25\/\",\"name\":\"Ernesto Timor photographe\",\"description\":\"\",\"publisher\":{\"@id\":\"https:\/\/www.ernestotimor.com\/ernestotimor25\/#organization\"},\"potentialAction\":[{\"@type\":\"SearchAction\",\"target\":{\"@type\":\"EntryPoint\",\"urlTemplate\":\"https:\/\/www.ernestotimor.com\/ernestotimor25\/?s={search_term_string}\"},\"query-input\":{\"@type\":\"PropertyValueSpecification\",\"valueRequired\":true,\"valueName\":\"search_term_string\"}}],\"inLanguage\":\"fr-FR\"},{\"@type\":\"Organization\",\"@id\":\"https:\/\/www.ernestotimor.com\/ernestotimor25\/#organization\",\"name\":\"Ernesto Timor\",\"url\":\"https:\/\/www.ernestotimor.com\/ernestotimor25\/\",\"logo\":{\"@type\":\"ImageObject\",\"inLanguage\":\"fr-FR\",\"@id\":\"https:\/\/www.ernestotimor.com\/ernestotimor25\/#\/schema\/logo\/image\/\",\"url\":\"https:\/\/www.ernestotimor.com\/ernestotimor25\/wp-content\/uploads\/2025\/10\/cropped-Ernesto2025-fav-2.jpg\",\"contentUrl\":\"https:\/\/www.ernestotimor.com\/ernestotimor25\/wp-content\/uploads\/2025\/10\/cropped-Ernesto2025-fav-2.jpg\",\"width\":512,\"height\":512,\"caption\":\"Ernesto Timor\"},\"image\":{\"@id\":\"https:\/\/www.ernestotimor.com\/ernestotimor25\/#\/schema\/logo\/image\/\"},\"sameAs\":[\"https:\/\/www.linkedin.com\/in\/bertrand-sampeur-\ud83d\udea9aka-ernesto-timor-310a02256\/\"]},{\"@type\":\"Person\",\"@id\":\"https:\/\/www.ernestotimor.com\/ernestotimor25\/#\/schema\/person\/6608c7ff101b5952803c9b54efd3f15e\",\"name\":\"guidonchrome\",\"sameAs\":[\"https:\/\/www.ernestotimor.com\/ernestotimor25\"]}]}<\/script>\n<!-- \/ Yoast SEO plugin. -->","yoast_head_json":{"title":"Le point de vue de ma fen\u00eatre | Ernesto Timor - photographe","description":"Vues partag\u00e9es Initi\u00e9 \u00e0 la Grande Borne \u00e0 Grigny en 2020, le projet est devenu en trois ans une somme de vues et de visions multiples un peu partout en","robots":{"index":"index","follow":"follow","max-snippet":"max-snippet:-1","max-image-preview":"max-image-preview:large","max-video-preview":"max-video-preview:-1"},"canonical":"https:\/\/www.ernestotimor.com\/ernestotimor25\/le-point-de-vue-de-ma-fenetre\/","og_locale":"fr_FR","og_type":"article","og_title":"Le point de vue de ma fen\u00eatre | Ernesto Timor - photographe","og_description":"Vues partag\u00e9es Initi\u00e9 \u00e0 la Grande Borne \u00e0 Grigny en 2020, le projet est devenu en trois ans une somme de vues et de visions multiples un peu partout en","og_url":"https:\/\/www.ernestotimor.com\/ernestotimor25\/le-point-de-vue-de-ma-fenetre\/","og_site_name":"Ernesto Timor - photographe","article_published_time":"2025-10-25T09:00:58+00:00","article_modified_time":"2025-11-05T11:03:16+00:00","og_image":[{"width":1600,"height":1068,"url":"https:\/\/www.ernestotimor.com\/ernestotimor25\/wp-content\/uploads\/2025\/10\/2103-vues-partagees5703-16.jpg","type":"image\/jpeg"}],"author":"guidonchrome","twitter_card":"summary_large_image","twitter_misc":{"\u00c9crit par":"guidonchrome","Dur\u00e9e de lecture estim\u00e9e":"4 minutes"},"schema":{"@context":"https:\/\/schema.org","@graph":[{"@type":"Article","@id":"https:\/\/www.ernestotimor.com\/ernestotimor25\/le-point-de-vue-de-ma-fenetre\/#article","isPartOf":{"@id":"https:\/\/www.ernestotimor.com\/ernestotimor25\/le-point-de-vue-de-ma-fenetre\/"},"author":{"name":"guidonchrome","@id":"https:\/\/www.ernestotimor.com\/ernestotimor25\/#\/schema\/person\/6608c7ff101b5952803c9b54efd3f15e"},"headline":"Le point de vue de ma fen\u00eatre","datePublished":"2025-10-25T09:00:58+00:00","dateModified":"2025-11-05T11:03:16+00:00","mainEntityOfPage":{"@id":"https:\/\/www.ernestotimor.com\/ernestotimor25\/le-point-de-vue-de-ma-fenetre\/"},"wordCount":624,"publisher":{"@id":"https:\/\/www.ernestotimor.com\/ernestotimor25\/#organization"},"image":{"@id":"https:\/\/www.ernestotimor.com\/ernestotimor25\/le-point-de-vue-de-ma-fenetre\/#primaryimage"},"thumbnailUrl":"https:\/\/www.ernestotimor.com\/ernestotimor25\/wp-content\/uploads\/2025\/10\/2103-vues-partagees5703-16.jpg","keywords":["Films photographiques","Grandes s\u00e9ries"],"articleSection":["Hune grandes"],"inLanguage":"fr-FR"},{"@type":"WebPage","@id":"https:\/\/www.ernestotimor.com\/ernestotimor25\/le-point-de-vue-de-ma-fenetre\/","url":"https:\/\/www.ernestotimor.com\/ernestotimor25\/le-point-de-vue-de-ma-fenetre\/","name":"Le point de vue de ma fen\u00eatre | Ernesto Timor - photographe","isPartOf":{"@id":"https:\/\/www.ernestotimor.com\/ernestotimor25\/#website"},"primaryImageOfPage":{"@id":"https:\/\/www.ernestotimor.com\/ernestotimor25\/le-point-de-vue-de-ma-fenetre\/#primaryimage"},"image":{"@id":"https:\/\/www.ernestotimor.com\/ernestotimor25\/le-point-de-vue-de-ma-fenetre\/#primaryimage"},"thumbnailUrl":"https:\/\/www.ernestotimor.com\/ernestotimor25\/wp-content\/uploads\/2025\/10\/2103-vues-partagees5703-16.jpg","datePublished":"2025-10-25T09:00:58+00:00","dateModified":"2025-11-05T11:03:16+00:00","description":"Vues partag\u00e9es Initi\u00e9 \u00e0 la Grande Borne \u00e0 Grigny en 2020, le projet est devenu en trois ans une somme de vues et de visions multiples un peu partout en","breadcrumb":{"@id":"https:\/\/www.ernestotimor.com\/ernestotimor25\/le-point-de-vue-de-ma-fenetre\/#breadcrumb"},"inLanguage":"fr-FR","potentialAction":[{"@type":"ReadAction","target":["https:\/\/www.ernestotimor.com\/ernestotimor25\/le-point-de-vue-de-ma-fenetre\/"]}]},{"@type":"ImageObject","inLanguage":"fr-FR","@id":"https:\/\/www.ernestotimor.com\/ernestotimor25\/le-point-de-vue-de-ma-fenetre\/#primaryimage","url":"https:\/\/www.ernestotimor.com\/ernestotimor25\/wp-content\/uploads\/2025\/10\/2103-vues-partagees5703-16.jpg","contentUrl":"https:\/\/www.ernestotimor.com\/ernestotimor25\/wp-content\/uploads\/2025\/10\/2103-vues-partagees5703-16.jpg","width":1600,"height":1068},{"@type":"BreadcrumbList","@id":"https:\/\/www.ernestotimor.com\/ernestotimor25\/le-point-de-vue-de-ma-fenetre\/#breadcrumb","itemListElement":[{"@type":"ListItem","position":1,"name":"Accueil","item":"https:\/\/www.ernestotimor.com\/ernestotimor25\/"},{"@type":"ListItem","position":2,"name":"Le point de vue de ma fen\u00eatre"}]},{"@type":"WebSite","@id":"https:\/\/www.ernestotimor.com\/ernestotimor25\/#website","url":"https:\/\/www.ernestotimor.com\/ernestotimor25\/","name":"Ernesto Timor photographe","description":"","publisher":{"@id":"https:\/\/www.ernestotimor.com\/ernestotimor25\/#organization"},"potentialAction":[{"@type":"SearchAction","target":{"@type":"EntryPoint","urlTemplate":"https:\/\/www.ernestotimor.com\/ernestotimor25\/?s={search_term_string}"},"query-input":{"@type":"PropertyValueSpecification","valueRequired":true,"valueName":"search_term_string"}}],"inLanguage":"fr-FR"},{"@type":"Organization","@id":"https:\/\/www.ernestotimor.com\/ernestotimor25\/#organization","name":"Ernesto Timor","url":"https:\/\/www.ernestotimor.com\/ernestotimor25\/","logo":{"@type":"ImageObject","inLanguage":"fr-FR","@id":"https:\/\/www.ernestotimor.com\/ernestotimor25\/#\/schema\/logo\/image\/","url":"https:\/\/www.ernestotimor.com\/ernestotimor25\/wp-content\/uploads\/2025\/10\/cropped-Ernesto2025-fav-2.jpg","contentUrl":"https:\/\/www.ernestotimor.com\/ernestotimor25\/wp-content\/uploads\/2025\/10\/cropped-Ernesto2025-fav-2.jpg","width":512,"height":512,"caption":"Ernesto Timor"},"image":{"@id":"https:\/\/www.ernestotimor.com\/ernestotimor25\/#\/schema\/logo\/image\/"},"sameAs":["https:\/\/www.linkedin.com\/in\/bertrand-sampeur-\ud83d\udea9aka-ernesto-timor-310a02256\/"]},{"@type":"Person","@id":"https:\/\/www.ernestotimor.com\/ernestotimor25\/#\/schema\/person\/6608c7ff101b5952803c9b54efd3f15e","name":"guidonchrome","sameAs":["https:\/\/www.ernestotimor.com\/ernestotimor25"]}]}},"_links":{"self":[{"href":"https:\/\/www.ernestotimor.com\/ernestotimor25\/wp-json\/wp\/v2\/posts\/120","targetHints":{"allow":["GET"]}}],"collection":[{"href":"https:\/\/www.ernestotimor.com\/ernestotimor25\/wp-json\/wp\/v2\/posts"}],"about":[{"href":"https:\/\/www.ernestotimor.com\/ernestotimor25\/wp-json\/wp\/v2\/types\/post"}],"author":[{"embeddable":true,"href":"https:\/\/www.ernestotimor.com\/ernestotimor25\/wp-json\/wp\/v2\/users\/1"}],"replies":[{"embeddable":true,"href":"https:\/\/www.ernestotimor.com\/ernestotimor25\/wp-json\/wp\/v2\/comments?post=120"}],"version-history":[{"count":2,"href":"https:\/\/www.ernestotimor.com\/ernestotimor25\/wp-json\/wp\/v2\/posts\/120\/revisions"}],"predecessor-version":[{"id":574,"href":"https:\/\/www.ernestotimor.com\/ernestotimor25\/wp-json\/wp\/v2\/posts\/120\/revisions\/574"}],"wp:featuredmedia":[{"embeddable":true,"href":"https:\/\/www.ernestotimor.com\/ernestotimor25\/wp-json\/wp\/v2\/media\/201"}],"wp:attachment":[{"href":"https:\/\/www.ernestotimor.com\/ernestotimor25\/wp-json\/wp\/v2\/media?parent=120"}],"wp:term":[{"taxonomy":"category","embeddable":true,"href":"https:\/\/www.ernestotimor.com\/ernestotimor25\/wp-json\/wp\/v2\/categories?post=120"},{"taxonomy":"post_tag","embeddable":true,"href":"https:\/\/www.ernestotimor.com\/ernestotimor25\/wp-json\/wp\/v2\/tags?post=120"},{"taxonomy":"post_folder","embeddable":true,"href":"https:\/\/www.ernestotimor.com\/ernestotimor25\/wp-json\/wp\/v2\/post_folder?post=120"}],"curies":[{"name":"wp","href":"https:\/\/api.w.org\/{rel}","templated":true}]}}