{"id":9083,"date":"2008-05-19T16:53:09","date_gmt":"2008-05-19T15:53:09","guid":{"rendered":"http:\/\/www.ernestotimor.com\/irregular\/?p=9083"},"modified":"2016-03-13T12:25:36","modified_gmt":"2016-03-13T11:25:36","slug":"au-risque-de-paraitre-en-boucle","status":"publish","type":"post","link":"https:\/\/www.ernestotimor.com\/irregular\/au-risque-de-paraitre-en-boucle\/","title":{"rendered":"Au risque de para\u00eetre en boucle&#8230;"},"content":{"rendered":"<p><img decoding=\"async\" src=\"http:\/\/www.ernestotimor.com\/irregular\/wp-content\/2008\/05\/0805-repelimit6321.jpg\" alt=\"headrush\" \/><\/p>\n<p>shot: may 08 | printed: today | outskirts of paris<\/p>\n<blockquote><p>&#8230; Je me permets de vous rappeler l&rsquo;ouverture prochaine de mon exposition <strong>Les limites nous regardent<\/strong>. C&rsquo;est \u00e0 la Norville, au sud de Paris, du 23 mai au 24 juin, sous forme d&rsquo;un parcours de 26 \u00ab\u00a0panoptiques\u00a0\u00bb de grand format accroch\u00e9s en plein air.<\/p>\n<p>Vernissage ce vendredi qui vient, le 23 mai, \u00e0 19h30&#8230; et bien plus qu&rsquo;un vernissage ! A 20h, parcours-limite en litt\u00e9rature et musique avec Ga\u00ebl Ascal (basse, contrebasse et ondes diverses) et C\u00e9line Liger (lecture, gestes&#8230; et boucles vocales) : variations d\u00e9concertantes sur un choix de textes tomb\u00e9s du chevet du photographe m\u00eame&#8230;<\/p>\n<p>Pour venir (\u00e0 moins d&rsquo;habiter l&rsquo;Essonne), il faut oser s&rsquo;\u00e9loigner de Paris intramuros, au-del\u00e0 de cette terrible limite du P\u00e9riph\u00e9rique. Mais ce n&rsquo;est pas si compliqu\u00e9 : \u00e0 45 mn de Paris, en RER C + pieds (d\u00e9tails et horaires) ou en voiture (d\u00e9tails et itin\u00e9raire). Osez aussi le covoiturage :-) Et l\u00e0-bas, accueil bucolique garanti !<\/p>\n<p>A vendredi ?<\/p>\n<p><em>Questions-r\u00e9ponses sur le vendredi 23 mai :<\/em><\/p>\n<p><em>Q : Et s&rsquo;il pleut ?<br \/>\nR :Les b\u00e2ches le supporteront, les visiteurs un peu moins, une solution de repli est pr\u00e9vue en int\u00e9rieur pour la soir\u00e9e, avec performance sur fond de projections&#8230;<\/em><\/p>\n<p><em>Q : Vous \u00eates libre vendredi 23, mais seulement l&rsquo;apr\u00e8s-midi ?!<br \/>\nR : Une r\u00e9p\u00e9tition publique aura lieu vendredi \u00e0 15h, entr\u00e9e libre !<\/em><\/p>\n<p><em>Q : Y aura-t-il d&rsquo;autres jours de visite possibles ?<br \/>\nR : L&rsquo;expo se tient un mois entier, aux horaires du centre culturel (un peu long \u00e0 d\u00e9tailler, voir le site&#8230;). Mais j&rsquo;y serai visible moi-m\u00eame sur rendez-vous ainsi que tout le samedi 7 juin, en marge du festival essonnien Dedans dehors.<\/em><\/p><\/blockquote>\n","protected":false},"excerpt":{"rendered":"<p>shot: may 08 | printed: today | outskirts of paris &#8230; Je me permets de vous rappeler l&rsquo;ouverture prochaine de mon exposition Les limites nous regardent. C&rsquo;est \u00e0 la Norville, au sud de Paris, du 23 mai au 24 juin, sous forme d&rsquo;un parcours de 26 \u00ab\u00a0panoptiques\u00a0\u00bb de grand format&hellip;<\/p>\n","protected":false},"author":2,"featured_media":0,"comment_status":"closed","ping_status":"open","sticky":false,"template":"","format":"standard","meta":{"ngg_post_thumbnail":0,"footnotes":""},"categories":[1],"tags":[278,55],"class_list":["post-9083","post","type-post","status-publish","format-standard","hentry","category-non-classe","tag-litterature","tag-performance"],"yoast_head":"<!-- This site is optimized with the Yoast SEO plugin v27.1.1 - https:\/\/yoast.com\/product\/yoast-seo-wordpress\/ -->\n<title>Au risque de para\u00eetre en boucle... &#8902; Ernesto Timor, photographe auteur<\/title>\n<meta name=\"description\" content=\"shot: may 08 | printed: today | outskirts of paris ... Je me permets de vous rappeler l&#039;ouverture prochaine de mon exposition Les limites nous regardent.\" \/>\n<meta name=\"robots\" content=\"index, follow, max-snippet:-1, max-image-preview:large, max-video-preview:-1\" \/>\n<link rel=\"canonical\" href=\"https:\/\/www.ernestotimor.com\/irregular\/au-risque-de-paraitre-en-boucle\/\" \/>\n<meta property=\"og:locale\" content=\"fr_FR\" \/>\n<meta property=\"og:type\" content=\"article\" \/>\n<meta property=\"og:title\" content=\"Au risque de para\u00eetre en boucle... &#8902; Ernesto Timor, photographe auteur\" \/>\n<meta property=\"og:description\" content=\"shot: may 08 | printed: today | outskirts of paris ... Je me permets de vous rappeler l&#039;ouverture prochaine de mon exposition Les limites nous regardent.\" \/>\n<meta property=\"og:url\" content=\"https:\/\/www.ernestotimor.com\/irregular\/au-risque-de-paraitre-en-boucle\/\" \/>\n<meta property=\"og:site_name\" content=\"Ernesto Timor, photographe auteur\" \/>\n<meta property=\"article:publisher\" content=\"https:\/\/www.facebook.com\/Timor.Rocks\/\" \/>\n<meta property=\"article:published_time\" content=\"2008-05-19T15:53:09+00:00\" \/>\n<meta property=\"article:modified_time\" content=\"2016-03-13T11:25:36+00:00\" \/>\n<meta property=\"og:image\" content=\"http:\/\/www.ernestotimor.com\/irregular\/wp-content\/2008\/05\/0805-repelimit6321.jpg\" \/>\n<meta name=\"author\" content=\"Herr Nesto\" \/>\n<meta name=\"twitter:card\" content=\"summary_large_image\" \/>\n<meta name=\"twitter:label1\" content=\"\u00c9crit par\" \/>\n\t<meta name=\"twitter:data1\" content=\"Herr Nesto\" \/>\n\t<meta name=\"twitter:label2\" content=\"Dur\u00e9e de lecture estim\u00e9e\" \/>\n\t<meta name=\"twitter:data2\" content=\"1 minute\" \/>\n<script type=\"application\/ld+json\" class=\"yoast-schema-graph\">{\"@context\":\"https:\/\/schema.org\",\"@graph\":[{\"@type\":\"Article\",\"@id\":\"https:\/\/www.ernestotimor.com\/irregular\/au-risque-de-paraitre-en-boucle\/#article\",\"isPartOf\":{\"@id\":\"https:\/\/www.ernestotimor.com\/irregular\/au-risque-de-paraitre-en-boucle\/\"},\"author\":{\"name\":\"Herr Nesto\",\"@id\":\"https:\/\/www.ernestotimor.com\/irregular\/#\/schema\/person\/72cd323055d1ede991f05c9d69d37be9\"},\"headline\":\"Au risque de para\u00eetre en boucle&#8230;\",\"datePublished\":\"2008-05-19T15:53:09+00:00\",\"dateModified\":\"2016-03-13T11:25:36+00:00\",\"mainEntityOfPage\":{\"@id\":\"https:\/\/www.ernestotimor.com\/irregular\/au-risque-de-paraitre-en-boucle\/\"},\"wordCount\":293,\"publisher\":{\"@id\":\"https:\/\/www.ernestotimor.com\/irregular\/#organization\"},\"image\":{\"@id\":\"https:\/\/www.ernestotimor.com\/irregular\/au-risque-de-paraitre-en-boucle\/#primaryimage\"},\"thumbnailUrl\":\"http:\/\/www.ernestotimor.com\/irregular\/wp-content\/2008\/05\/0805-repelimit6321.jpg\",\"keywords\":[\"litt\u00e9rature\",\"performance\"],\"articleSection\":[\"Irregular ancienne formule\"],\"inLanguage\":\"fr-FR\"},{\"@type\":\"WebPage\",\"@id\":\"https:\/\/www.ernestotimor.com\/irregular\/au-risque-de-paraitre-en-boucle\/\",\"url\":\"https:\/\/www.ernestotimor.com\/irregular\/au-risque-de-paraitre-en-boucle\/\",\"name\":\"Au risque de para\u00eetre en boucle... &#8902; Ernesto Timor, photographe auteur\",\"isPartOf\":{\"@id\":\"https:\/\/www.ernestotimor.com\/irregular\/#website\"},\"primaryImageOfPage\":{\"@id\":\"https:\/\/www.ernestotimor.com\/irregular\/au-risque-de-paraitre-en-boucle\/#primaryimage\"},\"image\":{\"@id\":\"https:\/\/www.ernestotimor.com\/irregular\/au-risque-de-paraitre-en-boucle\/#primaryimage\"},\"thumbnailUrl\":\"http:\/\/www.ernestotimor.com\/irregular\/wp-content\/2008\/05\/0805-repelimit6321.jpg\",\"datePublished\":\"2008-05-19T15:53:09+00:00\",\"dateModified\":\"2016-03-13T11:25:36+00:00\",\"description\":\"shot: may 08 | printed: today | outskirts of paris ... Je me permets de vous rappeler l'ouverture prochaine de mon exposition Les limites nous regardent.\",\"breadcrumb\":{\"@id\":\"https:\/\/www.ernestotimor.com\/irregular\/au-risque-de-paraitre-en-boucle\/#breadcrumb\"},\"inLanguage\":\"fr-FR\",\"potentialAction\":[{\"@type\":\"ReadAction\",\"target\":[\"https:\/\/www.ernestotimor.com\/irregular\/au-risque-de-paraitre-en-boucle\/\"]}]},{\"@type\":\"ImageObject\",\"inLanguage\":\"fr-FR\",\"@id\":\"https:\/\/www.ernestotimor.com\/irregular\/au-risque-de-paraitre-en-boucle\/#primaryimage\",\"url\":\"http:\/\/www.ernestotimor.com\/irregular\/wp-content\/2008\/05\/0805-repelimit6321.jpg\",\"contentUrl\":\"http:\/\/www.ernestotimor.com\/irregular\/wp-content\/2008\/05\/0805-repelimit6321.jpg\"},{\"@type\":\"BreadcrumbList\",\"@id\":\"https:\/\/www.ernestotimor.com\/irregular\/au-risque-de-paraitre-en-boucle\/#breadcrumb\",\"itemListElement\":[{\"@type\":\"ListItem\",\"position\":1,\"name\":\"Accueil\",\"item\":\"https:\/\/www.ernestotimor.com\/irregular\/\"},{\"@type\":\"ListItem\",\"position\":2,\"name\":\"Au risque de para\u00eetre en boucle&#8230;\"}]},{\"@type\":\"WebSite\",\"@id\":\"https:\/\/www.ernestotimor.com\/irregular\/#website\",\"url\":\"https:\/\/www.ernestotimor.com\/irregular\/\",\"name\":\"Ernesto Timor, photographe auteur\",\"description\":\"Travaux personnels, galeries d&#039;art et d&#039;essai\",\"publisher\":{\"@id\":\"https:\/\/www.ernestotimor.com\/irregular\/#organization\"},\"potentialAction\":[{\"@type\":\"SearchAction\",\"target\":{\"@type\":\"EntryPoint\",\"urlTemplate\":\"https:\/\/www.ernestotimor.com\/irregular\/?s={search_term_string}\"},\"query-input\":{\"@type\":\"PropertyValueSpecification\",\"valueRequired\":true,\"valueName\":\"search_term_string\"}}],\"inLanguage\":\"fr-FR\"},{\"@type\":\"Organization\",\"@id\":\"https:\/\/www.ernestotimor.com\/irregular\/#organization\",\"name\":\"Timor Rocks !\",\"url\":\"https:\/\/www.ernestotimor.com\/irregular\/\",\"logo\":{\"@type\":\"ImageObject\",\"inLanguage\":\"fr-FR\",\"@id\":\"https:\/\/www.ernestotimor.com\/irregular\/#\/schema\/logo\/image\/\",\"url\":\"https:\/\/www.ernestotimor.com\/irregular\/wp-content\/uploads\/2019\/09\/irregular-2019-logo-wp-2.png\",\"contentUrl\":\"https:\/\/www.ernestotimor.com\/irregular\/wp-content\/uploads\/2019\/09\/irregular-2019-logo-wp-2.png\",\"width\":240,\"height\":120,\"caption\":\"Timor Rocks !\"},\"image\":{\"@id\":\"https:\/\/www.ernestotimor.com\/irregular\/#\/schema\/logo\/image\/\"},\"sameAs\":[\"https:\/\/www.facebook.com\/Timor.Rocks\/\",\"http:\/\/fr.linkedin.com\/in\/timorrocks\",\"https:\/\/www.youtube.com\/user\/Theatredumenteur\"]},{\"@type\":\"Person\",\"@id\":\"https:\/\/www.ernestotimor.com\/irregular\/#\/schema\/person\/72cd323055d1ede991f05c9d69d37be9\",\"name\":\"Herr Nesto\",\"image\":{\"@type\":\"ImageObject\",\"inLanguage\":\"fr-FR\",\"@id\":\"https:\/\/www.ernestotimor.com\/irregular\/#\/schema\/person\/image\/\",\"url\":\"https:\/\/secure.gravatar.com\/avatar\/31acdc478f4e98762100e9b77a5c1378e156758b7be40e1e04787a419f82d6b2?s=96&d=monsterid&r=r\",\"contentUrl\":\"https:\/\/secure.gravatar.com\/avatar\/31acdc478f4e98762100e9b77a5c1378e156758b7be40e1e04787a419f82d6b2?s=96&d=monsterid&r=r\",\"caption\":\"Herr Nesto\"}}]}<\/script>\n<!-- \/ Yoast SEO plugin. -->","yoast_head_json":{"title":"Au risque de para\u00eetre en boucle... &#8902; Ernesto Timor, photographe auteur","description":"shot: may 08 | printed: today | outskirts of paris ... Je me permets de vous rappeler l'ouverture prochaine de mon exposition Les limites nous regardent.","robots":{"index":"index","follow":"follow","max-snippet":"max-snippet:-1","max-image-preview":"max-image-preview:large","max-video-preview":"max-video-preview:-1"},"canonical":"https:\/\/www.ernestotimor.com\/irregular\/au-risque-de-paraitre-en-boucle\/","og_locale":"fr_FR","og_type":"article","og_title":"Au risque de para\u00eetre en boucle... &#8902; Ernesto Timor, photographe auteur","og_description":"shot: may 08 | printed: today | outskirts of paris ... Je me permets de vous rappeler l'ouverture prochaine de mon exposition Les limites nous regardent.","og_url":"https:\/\/www.ernestotimor.com\/irregular\/au-risque-de-paraitre-en-boucle\/","og_site_name":"Ernesto Timor, photographe auteur","article_publisher":"https:\/\/www.facebook.com\/Timor.Rocks\/","article_published_time":"2008-05-19T15:53:09+00:00","article_modified_time":"2016-03-13T11:25:36+00:00","og_image":[{"url":"http:\/\/www.ernestotimor.com\/irregular\/wp-content\/2008\/05\/0805-repelimit6321.jpg","type":"","width":"","height":""}],"author":"Herr Nesto","twitter_card":"summary_large_image","twitter_misc":{"\u00c9crit par":"Herr Nesto","Dur\u00e9e de lecture estim\u00e9e":"1 minute"},"schema":{"@context":"https:\/\/schema.org","@graph":[{"@type":"Article","@id":"https:\/\/www.ernestotimor.com\/irregular\/au-risque-de-paraitre-en-boucle\/#article","isPartOf":{"@id":"https:\/\/www.ernestotimor.com\/irregular\/au-risque-de-paraitre-en-boucle\/"},"author":{"name":"Herr Nesto","@id":"https:\/\/www.ernestotimor.com\/irregular\/#\/schema\/person\/72cd323055d1ede991f05c9d69d37be9"},"headline":"Au risque de para\u00eetre en boucle&#8230;","datePublished":"2008-05-19T15:53:09+00:00","dateModified":"2016-03-13T11:25:36+00:00","mainEntityOfPage":{"@id":"https:\/\/www.ernestotimor.com\/irregular\/au-risque-de-paraitre-en-boucle\/"},"wordCount":293,"publisher":{"@id":"https:\/\/www.ernestotimor.com\/irregular\/#organization"},"image":{"@id":"https:\/\/www.ernestotimor.com\/irregular\/au-risque-de-paraitre-en-boucle\/#primaryimage"},"thumbnailUrl":"http:\/\/www.ernestotimor.com\/irregular\/wp-content\/2008\/05\/0805-repelimit6321.jpg","keywords":["litt\u00e9rature","performance"],"articleSection":["Irregular ancienne formule"],"inLanguage":"fr-FR"},{"@type":"WebPage","@id":"https:\/\/www.ernestotimor.com\/irregular\/au-risque-de-paraitre-en-boucle\/","url":"https:\/\/www.ernestotimor.com\/irregular\/au-risque-de-paraitre-en-boucle\/","name":"Au risque de para\u00eetre en boucle... &#8902; Ernesto Timor, photographe auteur","isPartOf":{"@id":"https:\/\/www.ernestotimor.com\/irregular\/#website"},"primaryImageOfPage":{"@id":"https:\/\/www.ernestotimor.com\/irregular\/au-risque-de-paraitre-en-boucle\/#primaryimage"},"image":{"@id":"https:\/\/www.ernestotimor.com\/irregular\/au-risque-de-paraitre-en-boucle\/#primaryimage"},"thumbnailUrl":"http:\/\/www.ernestotimor.com\/irregular\/wp-content\/2008\/05\/0805-repelimit6321.jpg","datePublished":"2008-05-19T15:53:09+00:00","dateModified":"2016-03-13T11:25:36+00:00","description":"shot: may 08 | printed: today | outskirts of paris ... Je me permets de vous rappeler l'ouverture prochaine de mon exposition Les limites nous regardent.","breadcrumb":{"@id":"https:\/\/www.ernestotimor.com\/irregular\/au-risque-de-paraitre-en-boucle\/#breadcrumb"},"inLanguage":"fr-FR","potentialAction":[{"@type":"ReadAction","target":["https:\/\/www.ernestotimor.com\/irregular\/au-risque-de-paraitre-en-boucle\/"]}]},{"@type":"ImageObject","inLanguage":"fr-FR","@id":"https:\/\/www.ernestotimor.com\/irregular\/au-risque-de-paraitre-en-boucle\/#primaryimage","url":"http:\/\/www.ernestotimor.com\/irregular\/wp-content\/2008\/05\/0805-repelimit6321.jpg","contentUrl":"http:\/\/www.ernestotimor.com\/irregular\/wp-content\/2008\/05\/0805-repelimit6321.jpg"},{"@type":"BreadcrumbList","@id":"https:\/\/www.ernestotimor.com\/irregular\/au-risque-de-paraitre-en-boucle\/#breadcrumb","itemListElement":[{"@type":"ListItem","position":1,"name":"Accueil","item":"https:\/\/www.ernestotimor.com\/irregular\/"},{"@type":"ListItem","position":2,"name":"Au risque de para\u00eetre en boucle&#8230;"}]},{"@type":"WebSite","@id":"https:\/\/www.ernestotimor.com\/irregular\/#website","url":"https:\/\/www.ernestotimor.com\/irregular\/","name":"Ernesto Timor, photographe auteur","description":"Travaux personnels, galeries d&#039;art et d&#039;essai","publisher":{"@id":"https:\/\/www.ernestotimor.com\/irregular\/#organization"},"potentialAction":[{"@type":"SearchAction","target":{"@type":"EntryPoint","urlTemplate":"https:\/\/www.ernestotimor.com\/irregular\/?s={search_term_string}"},"query-input":{"@type":"PropertyValueSpecification","valueRequired":true,"valueName":"search_term_string"}}],"inLanguage":"fr-FR"},{"@type":"Organization","@id":"https:\/\/www.ernestotimor.com\/irregular\/#organization","name":"Timor Rocks !","url":"https:\/\/www.ernestotimor.com\/irregular\/","logo":{"@type":"ImageObject","inLanguage":"fr-FR","@id":"https:\/\/www.ernestotimor.com\/irregular\/#\/schema\/logo\/image\/","url":"https:\/\/www.ernestotimor.com\/irregular\/wp-content\/uploads\/2019\/09\/irregular-2019-logo-wp-2.png","contentUrl":"https:\/\/www.ernestotimor.com\/irregular\/wp-content\/uploads\/2019\/09\/irregular-2019-logo-wp-2.png","width":240,"height":120,"caption":"Timor Rocks !"},"image":{"@id":"https:\/\/www.ernestotimor.com\/irregular\/#\/schema\/logo\/image\/"},"sameAs":["https:\/\/www.facebook.com\/Timor.Rocks\/","http:\/\/fr.linkedin.com\/in\/timorrocks","https:\/\/www.youtube.com\/user\/Theatredumenteur"]},{"@type":"Person","@id":"https:\/\/www.ernestotimor.com\/irregular\/#\/schema\/person\/72cd323055d1ede991f05c9d69d37be9","name":"Herr Nesto","image":{"@type":"ImageObject","inLanguage":"fr-FR","@id":"https:\/\/www.ernestotimor.com\/irregular\/#\/schema\/person\/image\/","url":"https:\/\/secure.gravatar.com\/avatar\/31acdc478f4e98762100e9b77a5c1378e156758b7be40e1e04787a419f82d6b2?s=96&d=monsterid&r=r","contentUrl":"https:\/\/secure.gravatar.com\/avatar\/31acdc478f4e98762100e9b77a5c1378e156758b7be40e1e04787a419f82d6b2?s=96&d=monsterid&r=r","caption":"Herr Nesto"}}]}},"_links":{"self":[{"href":"https:\/\/www.ernestotimor.com\/irregular\/wp-json\/wp\/v2\/posts\/9083","targetHints":{"allow":["GET"]}}],"collection":[{"href":"https:\/\/www.ernestotimor.com\/irregular\/wp-json\/wp\/v2\/posts"}],"about":[{"href":"https:\/\/www.ernestotimor.com\/irregular\/wp-json\/wp\/v2\/types\/post"}],"author":[{"embeddable":true,"href":"https:\/\/www.ernestotimor.com\/irregular\/wp-json\/wp\/v2\/users\/2"}],"replies":[{"embeddable":true,"href":"https:\/\/www.ernestotimor.com\/irregular\/wp-json\/wp\/v2\/comments?post=9083"}],"version-history":[{"count":0,"href":"https:\/\/www.ernestotimor.com\/irregular\/wp-json\/wp\/v2\/posts\/9083\/revisions"}],"wp:attachment":[{"href":"https:\/\/www.ernestotimor.com\/irregular\/wp-json\/wp\/v2\/media?parent=9083"}],"wp:term":[{"taxonomy":"category","embeddable":true,"href":"https:\/\/www.ernestotimor.com\/irregular\/wp-json\/wp\/v2\/categories?post=9083"},{"taxonomy":"post_tag","embeddable":true,"href":"https:\/\/www.ernestotimor.com\/irregular\/wp-json\/wp\/v2\/tags?post=9083"}],"curies":[{"name":"wp","href":"https:\/\/api.w.org\/{rel}","templated":true}]}}